{"id":1045,"date":"2022-07-15T20:53:03","date_gmt":"2022-07-15T23:53:03","guid":{"rendered":"https:\/\/radiohm10.com.ar\/?p=1045"},"modified":"2022-07-15T20:53:04","modified_gmt":"2022-07-15T23:53:04","slug":"lola-indigo-y-fmk-lanzaron-su-primera-colaboracion-con-antes-que-salga-el-sol","status":"publish","type":"post","link":"https:\/\/radiohm10.com.ar\/?p=1045","title":{"rendered":"Lola \u00cdndigo y FMK lanzaron su primera colaboraci\u00f3n con \u201cAntes que salga el sol\u201d"},"content":{"rendered":"\n<p>Tras hacer la presentaci\u00f3n de su anterior sencillo, \u00abDe Vacaciones\u00bb, FMK se uni\u00f3 a la cantante espa\u00f1ola Lola \u00cdndigo para colaborar en lo que ser\u00eda otro nuevo \u00e9xito del interprete y autor.<\/p>\n\n\n\n<p>Caracterizado por un sonido que te har\u00e1 pararte de la silla, acompa\u00f1ado de melod\u00edas t\u00edpicas del artista argentino y sumando el plus de la participaci\u00f3n de Lola, este single est\u00e1 destinado a romper la pista.<\/p>\n\n\n\n<p>\u00abAntes Que Salga El Sol\u00bb demuestra la gran versatilidad de FMK, participando de boleros, reggaetones oscuros, reggaetones mel\u00f3dicos y tracks m\u00e1s bailables como este.<\/p>\n\n\n\n<p>El video fue grabado en la Ciudad de Buenos Aires y dirigido por Agustin Portela. En este clip podemos ver la gran relaci\u00f3n que ambos artistas construyeron.<\/p>\n\n\n\n<figure class=\"wp-block-image size-large\"><img decoding=\"async\" loading=\"lazy\" width=\"1024\" height=\"576\" src=\"https:\/\/radiohm10.com.ar\/wp-content\/uploads\/2022\/07\/lola-indigo-y-fmk.-1024x576.jpg\" alt=\"\" class=\"wp-image-1046\" srcset=\"https:\/\/radiohm10.com.ar\/wp-content\/uploads\/2022\/07\/lola-indigo-y-fmk.-1024x576.jpg 1024w, https:\/\/radiohm10.com.ar\/wp-content\/uploads\/2022\/07\/lola-indigo-y-fmk.-300x169.jpg 300w, https:\/\/radiohm10.com.ar\/wp-content\/uploads\/2022\/07\/lola-indigo-y-fmk.-768x432.jpg 768w, https:\/\/radiohm10.com.ar\/wp-content\/uploads\/2022\/07\/lola-indigo-y-fmk.-1536x864.jpg 1536w, https:\/\/radiohm10.com.ar\/wp-content\/uploads\/2022\/07\/lola-indigo-y-fmk..jpg 1800w\" sizes=\"(max-width: 1024px) 100vw, 1024px\" \/><\/figure>\n\n\n\n<p>Luego de la multitudinaria presentaci\u00f3n de su \u00e1lbum debut DESDE EL ESPACIO en el Movistar Arena el 16 de abril de este mismo a\u00f1o, el artista comenz\u00f3 su gira por el interior del pa\u00eds, recorriendo las plazas m\u00e1s importantes de nuestro territorio: Salta, Tucuman, Mar del Plata, Bah\u00eda Blanca, C\u00f3rdoba y Rosario.<\/p>\n\n\n\n<p>C\u00f3mo si esto fuera poco, el artista contin\u00faa con dicha gira presentandose en las localidades: San Juan, Mendoza, Jujuy y muchos m\u00e1s.<\/p>\n\n\n\n<p>En cuanto a la canci\u00f3n en s\u00ed misma, a menos de un d\u00eda de su estreno logr\u00f3 m\u00e1s de 300mil reproducciones en youtube, consiguiendo el puesto #25 en tendencias de m\u00fasica en la plataforma.<\/p>\n\n\n\n<p>Se trata de otro gran \u00e9xito de FMK y de la artista vinculada sentimentalmente con Lali Esposito.<\/p>\n","protected":false},"excerpt":{"rendered":"<p>Tras hacer la presentaci\u00f3n de su anterior sencillo, \u00abDe Vacaciones\u00bb, FMK se uni\u00f3 a la cantante espa\u00f1ola Lola \u00cdndigo para colaborar en lo que ser\u00eda otro nuevo \u00e9xito del interprete&hellip; <\/p>\n","protected":false},"author":1,"featured_media":1046,"comment_status":"open","ping_status":"open","sticky":false,"template":"","format":"standard","meta":{"ngg_post_thumbnail":0},"categories":[18],"tags":[182,137,330],"_links":{"self":[{"href":"https:\/\/radiohm10.com.ar\/index.php?rest_route=\/wp\/v2\/posts\/1045"}],"collection":[{"href":"https:\/\/radiohm10.com.ar\/index.php?rest_route=\/wp\/v2\/posts"}],"about":[{"href":"https:\/\/radiohm10.com.ar\/index.php?rest_route=\/wp\/v2\/types\/post"}],"author":[{"embeddable":true,"href":"https:\/\/radiohm10.com.ar\/index.php?rest_route=\/wp\/v2\/users\/1"}],"replies":[{"embeddable":true,"href":"https:\/\/radiohm10.com.ar\/index.php?rest_route=%2Fwp%2Fv2%2Fcomments&post=1045"}],"version-history":[{"count":1,"href":"https:\/\/radiohm10.com.ar\/index.php?rest_route=\/wp\/v2\/posts\/1045\/revisions"}],"predecessor-version":[{"id":1047,"href":"https:\/\/radiohm10.com.ar\/index.php?rest_route=\/wp\/v2\/posts\/1045\/revisions\/1047"}],"wp:featuredmedia":[{"embeddable":true,"href":"https:\/\/radiohm10.com.ar\/index.php?rest_route=\/wp\/v2\/media\/1046"}],"wp:attachment":[{"href":"https:\/\/radiohm10.com.ar\/index.php?rest_route=%2Fwp%2Fv2%2Fmedia&parent=1045"}],"wp:term":[{"taxonomy":"category","embeddable":true,"href":"https:\/\/radiohm10.com.ar\/index.php?rest_route=%2Fwp%2Fv2%2Fcategories&post=1045"},{"taxonomy":"post_tag","embeddable":true,"href":"https:\/\/radiohm10.com.ar\/index.php?rest_route=%2Fwp%2Fv2%2Ftags&post=1045"}],"curies":[{"name":"wp","href":"https:\/\/api.w.org\/{rel}","templated":true}]}}